{"id":4619,"date":"2012-01-31T00:00:00","date_gmt":"2012-01-31T00:00:00","guid":{"rendered":"https:\/\/www.cuerdaspulsadas.com\/2020\/10\/11\/academia-internacional-de-musica-antigua\/"},"modified":"2025-09-25T21:52:01","modified_gmt":"2025-09-25T19:52:01","slug":"academia-internacional-de-musica-antigua","status":"publish","type":"post","link":"https:\/\/www.cuerdaspulsadas.com\/es\/2012\/01\/31\/academia-internacional-de-musica-antigua\/","title":{"rendered":"Academia Internacional de M\u00fasica Antigua"},"content":{"rendered":"\n<p class=\"wp-block-paragraph\">A principios de 2012 iniciamos una nueva colaboraci\u00f3n, de nuevo con la ayuda de <a href=\"http:\/\/manuelminguillon.com\/\"> Manuel Minguill\u00f3n <\/a>. Juntos, trabajamos para lanzar el sitio web de lo que ser\u00eda el primer ciclo de <a rel=\"noopener noreferrer\" href=\"http:\/\/www.aimantigua.com\" target=\"_blank\"> AIMAntigua <\/a>.  <img decoding=\"async\" class=\"wp-image-521 alignright\" alt=\"macuerdapulsada-580x400  \" src=\"https:\/\/www.cuerdaspulsadas.com\/wp-content\/uploads\/2021\/02\/macuerdapulsada-580x400-1.jpg\" width=\"  464  \" height=\"  320  \"\/><a href=\"https:\/\/www.cuerdaspulsadas.com\/wp-content\/uploads\/2021\/02\/macuerdapulsada-580x400-1.jpg\"> <\/a>  La Academia Internacional de M\u00fasica de Antigua (AIMAntigua) ofrece nueve d\u00edas de formaci\u00f3n en un entorno \u00fanico, abierto a profesionales que deseen acercarse a la interpretaci\u00f3n con criterios hist\u00f3ricos, estudiantes que quieran ampliar sus conocimientos y m\u00fasicos aficionados con un buen nivel curiosos por mejorar sus habilidades con profesores con amplia experiencia y reconocimiento internacional. La Academia alberga cursos ya consolidados como canto, cuerda pulsada, flauta travesera, viola da gamba, direcci\u00f3n de orquesta, canto coral y en las \u00faltimas ediciones ha presentado nuevas disciplinas como viol\u00edn, viola, violonchelo, oboe y danza hist\u00f3rica y actividades complementarias para ofrecer a sus alumnos y estudiantes una formaci\u00f3n integral orientada a la m\u00e1xima profesionalizaci\u00f3n. <a rel=\"noopener noreferrer\" href=\"https:\/\/www.cuerdaspulsadas.com\/es\/\" target=\"_blank\"> Cuerdas Pulsadas <\/a> sigue colaborando con AIMAntigua y <a href=\"http:\/\/www.aimantigua.com\/cursos\/musica%20-antigua%20\/\" target=\" _ blank \" rel=\"noopener\"> estamos orgullosos de patrocinar el curso de cuerda <\/a>  pulsada . Una caracter\u00edstica \u00fanica de AIMAntigua es que combina cursos de M\u00fasica Antigua y un Festival de M\u00fasica Antigua: profesores y alumnos representan una \u00f3pera al final del curso, para la que han memorizado sus papeles y desarrollado la escenograf\u00eda. Para todo ello, trabajan con profesor de canto, director de escena, director musical, etc., lo que supone una experiencia de lo m\u00e1s parecida al mundo profesional. En este video se refleja la esencia de la AIMAntigua, donde cabe destacar que la academia busca la participaci\u00f3n y conexi\u00f3n de la ciudad con los alumnos a trav\u00e9s de los diferentes conciertos que se preparan durante el curso.  <\/p>\n\n<iframe loading=\"lazy\" src=\"\/\/%20www.youtube.com\/embed\/tpPPhT709ww?rel=0\" allowfullscreen=\"\" width=\"420\" height=\"315\" frameborder=\"0\"> <\/iframe>\n\n<p class=\"wp-block-paragraph\"> \n\nManuel Minguill\u00f3n es fundador y codirector art\u00edstico de la Academia Internacional de M\u00fasica Antigua (AIMAntigua) desde sus inicios, desde aqu\u00ed le agradecemos su labor por continuar con AIMAntigua, su siempre fant\u00e1stica disposici\u00f3n y, especialmente, su ofrecimiento a Strings Pulled para colaborar con este fant\u00e1stico proyecto.\n<\/p>\n\n<div class=\"wp-block-image\"><figure class=\"aligncenter\"><img decoding=\"async\" src=\" https:\/\/www.cuerdaspulsadas.com\/wp-content\/uploads\/2020\/06\/Imagen5.jpg \" alt=\"  Manuel Minguill&#xF3;n  \" class=\"wp-image-532\"\/><\/figure><\/div>\n\n<p class=\"has-text-align-center wp-block-paragraph\"> <a href=\"https:\/\/www.cuerdaspulsadas.com\/wp-content\/uploads\/2020\/06\/Imagen5.jpg\">  <\/a> <\/p>\n","protected":false},"excerpt":{"rendered":"<p>A principios de 2012 iniciamos una nueva colaboraci\u00f3n, de nuevo con la ayuda de Manuel Minguill\u00f3n . Juntos, trabajamos para lanzar el sitio web de lo que ser\u00eda el primer ciclo de AIMAntigua . La Academia Internacional de M\u00fasica de Antigua (AIMAntigua) ofrece nueve d\u00edas de formaci\u00f3n en un entorno \u00fanico, abierto a profesionales que [&#8230;]\n","protected":false},"author":2,"featured_media":4622,"comment_status":"open","ping_status":"open","sticky":false,"template":"","format":"standard","meta":{"_jetpack_newsletter_access":"","_jetpack_dont_email_post_to_subs":false,"_jetpack_newsletter_tier_id":0,"_jetpack_memberships_contains_paywalled_content":false,"_jetpack_feature_clip_id":0,"_jetpack_memberships_contains_paid_content":false,"footnotes":"","jetpack_post_was_ever_published":false},"categories":[469,601],"tags":[722,745,787,788,777],"class_list":["post-4619","post","type-post","status-publish","format-standard","has-post-thumbnail","hentry","category-noticias-es","category-otros-proyectos-es","tag-aimantigua-es","tag-diseno-es","tag-manuel-minguillon-es","tag-minguiestudio-es","tag-patrocinio-es"],"yoast_head":"<!-- This site is optimized with the Yoast SEO plugin v28.4 - https:\/\/yoast.com\/product\/yoast-seo-wordpress\/ -->\n<title>Academia Internacional de M\u00fasica Antigua - Cuerdas Pulsadas<\/title>\n<meta name=\"description\" content=\"A principios de 2012 iniciamos una nueva colaboraci\u00f3n, de nuevo con la ayuda de Manuel Minguill\u00f3n . Juntos, trabajamos para lanzar el sitio web de lo que\" \/>\n<meta name=\"robots\" content=\"index, follow, max-snippet:-1, max-image-preview:large, max-video-preview:-1\" \/>\n<link rel=\"canonical\" href=\"https:\/\/www.cuerdaspulsadas.com\/es\/2012\/01\/31\/academia-internacional-de-musica-antigua\/\" \/>\n<meta property=\"og:locale\" content=\"es_ES\" \/>\n<meta property=\"og:type\" content=\"article\" \/>\n<meta property=\"og:title\" content=\"Academia Internacional de M\u00fasica Antigua - Cuerdas Pulsadas\" \/>\n<meta property=\"og:description\" content=\"A principios de 2012 iniciamos una nueva colaboraci\u00f3n, de nuevo con la ayuda de Manuel Minguill\u00f3n . Juntos, trabajamos para lanzar el sitio web de lo que\" \/>\n<meta property=\"og:url\" content=\"https:\/\/www.cuerdaspulsadas.com\/es\/2012\/01\/31\/academia-internacional-de-musica-antigua\/\" \/>\n<meta property=\"og:site_name\" content=\"Cuerdas Pulsadas\" \/>\n<meta property=\"article:publisher\" content=\"https:\/\/www.facebook.com\/cuerdaspulsadas\/\" \/>\n<meta property=\"article:published_time\" content=\"2012-01-31T00:00:00+00:00\" \/>\n<meta property=\"article:modified_time\" content=\"2025-09-25T19:52:01+00:00\" \/>\n<meta property=\"og:image\" content=\"https:\/\/www.cuerdaspulsadas.com\/wp-content\/uploads\/2020\/06\/aimantigua.jpg\" \/>\n\t<meta property=\"og:image:width\" content=\"785\" \/>\n\t<meta property=\"og:image:height\" content=\"500\" \/>\n\t<meta property=\"og:image:type\" content=\"image\/jpeg\" \/>\n<meta name=\"author\" content=\"Cuerdas Pulsadas\" \/>\n<meta name=\"twitter:card\" content=\"summary_large_image\" \/>\n<meta name=\"twitter:creator\" content=\"@cuerdaspulsadas\" \/>\n<meta name=\"twitter:site\" content=\"@cuerdaspulsadas\" \/>\n<meta name=\"twitter:label1\" content=\"Escrito por\" \/>\n\t<meta name=\"twitter:data1\" content=\"Cuerdas Pulsadas\" \/>\n\t<meta name=\"twitter:label2\" content=\"Tiempo de lectura\" \/>\n\t<meta name=\"twitter:data2\" content=\"2 minutos\" \/>\n<script type=\"application\/ld+json\" class=\"yoast-schema-graph\">{\"@context\":\"https:\\\/\\\/schema.org\",\"@graph\":[{\"@type\":\"Article\",\"@id\":\"https:\\\/\\\/www.cuerdaspulsadas.com\\\/es\\\/2012\\\/01\\\/31\\\/academia-internacional-de-musica-antigua\\\/#article\",\"isPartOf\":{\"@id\":\"https:\\\/\\\/www.cuerdaspulsadas.com\\\/es\\\/2012\\\/01\\\/31\\\/academia-internacional-de-musica-antigua\\\/\"},\"author\":{\"name\":\"Cuerdas Pulsadas\",\"@id\":\"https:\\\/\\\/www.cuerdaspulsadas.com\\\/es\\\/#\\\/schema\\\/person\\\/f0e624a4c4e791868bb7b19150f65cd7\"},\"headline\":\"Academia Internacional de M\u00fasica Antigua\",\"datePublished\":\"2012-01-31T00:00:00+00:00\",\"dateModified\":\"2025-09-25T19:52:01+00:00\",\"mainEntityOfPage\":{\"@id\":\"https:\\\/\\\/www.cuerdaspulsadas.com\\\/es\\\/2012\\\/01\\\/31\\\/academia-internacional-de-musica-antigua\\\/\"},\"wordCount\":341,\"commentCount\":0,\"publisher\":{\"@id\":\"https:\\\/\\\/www.cuerdaspulsadas.com\\\/es\\\/#organization\"},\"image\":{\"@id\":\"https:\\\/\\\/www.cuerdaspulsadas.com\\\/es\\\/2012\\\/01\\\/31\\\/academia-internacional-de-musica-antigua\\\/#primaryimage\"},\"thumbnailUrl\":\"https:\\\/\\\/www.cuerdaspulsadas.com\\\/wp-content\\\/uploads\\\/2020\\\/06\\\/aimantigua.jpg\",\"keywords\":[\"AIMAntigua\",\"dise\u00f1o\",\"Manuel Minguill\u00f3n\",\"MinguiEstudio\",\"patrocinio\"],\"articleSection\":[\"Noticias\",\"Otros proyectos\"],\"inLanguage\":\"es\",\"potentialAction\":[{\"@type\":\"CommentAction\",\"name\":\"Comment\",\"target\":[\"https:\\\/\\\/www.cuerdaspulsadas.com\\\/es\\\/2012\\\/01\\\/31\\\/academia-internacional-de-musica-antigua\\\/#respond\"]}]},{\"@type\":\"WebPage\",\"@id\":\"https:\\\/\\\/www.cuerdaspulsadas.com\\\/es\\\/2012\\\/01\\\/31\\\/academia-internacional-de-musica-antigua\\\/\",\"url\":\"https:\\\/\\\/www.cuerdaspulsadas.com\\\/es\\\/2012\\\/01\\\/31\\\/academia-internacional-de-musica-antigua\\\/\",\"name\":\"Academia Internacional de M\u00fasica Antigua - Cuerdas Pulsadas\",\"isPartOf\":{\"@id\":\"https:\\\/\\\/www.cuerdaspulsadas.com\\\/es\\\/#website\"},\"primaryImageOfPage\":{\"@id\":\"https:\\\/\\\/www.cuerdaspulsadas.com\\\/es\\\/2012\\\/01\\\/31\\\/academia-internacional-de-musica-antigua\\\/#primaryimage\"},\"image\":{\"@id\":\"https:\\\/\\\/www.cuerdaspulsadas.com\\\/es\\\/2012\\\/01\\\/31\\\/academia-internacional-de-musica-antigua\\\/#primaryimage\"},\"thumbnailUrl\":\"https:\\\/\\\/www.cuerdaspulsadas.com\\\/wp-content\\\/uploads\\\/2020\\\/06\\\/aimantigua.jpg\",\"datePublished\":\"2012-01-31T00:00:00+00:00\",\"dateModified\":\"2025-09-25T19:52:01+00:00\",\"description\":\"A principios de 2012 iniciamos una nueva colaboraci\u00f3n, de nuevo con la ayuda de Manuel Minguill\u00f3n . Juntos, trabajamos para lanzar el sitio web de lo que\",\"breadcrumb\":{\"@id\":\"https:\\\/\\\/www.cuerdaspulsadas.com\\\/es\\\/2012\\\/01\\\/31\\\/academia-internacional-de-musica-antigua\\\/#breadcrumb\"},\"inLanguage\":\"es\",\"potentialAction\":[{\"@type\":\"ReadAction\",\"target\":[\"https:\\\/\\\/www.cuerdaspulsadas.com\\\/es\\\/2012\\\/01\\\/31\\\/academia-internacional-de-musica-antigua\\\/\"]}]},{\"@type\":\"ImageObject\",\"inLanguage\":\"es\",\"@id\":\"https:\\\/\\\/www.cuerdaspulsadas.com\\\/es\\\/2012\\\/01\\\/31\\\/academia-internacional-de-musica-antigua\\\/#primaryimage\",\"url\":\"https:\\\/\\\/www.cuerdaspulsadas.com\\\/wp-content\\\/uploads\\\/2020\\\/06\\\/aimantigua.jpg\",\"contentUrl\":\"https:\\\/\\\/www.cuerdaspulsadas.com\\\/wp-content\\\/uploads\\\/2020\\\/06\\\/aimantigua.jpg\",\"width\":785,\"height\":500},{\"@type\":\"BreadcrumbList\",\"@id\":\"https:\\\/\\\/www.cuerdaspulsadas.com\\\/es\\\/2012\\\/01\\\/31\\\/academia-internacional-de-musica-antigua\\\/#breadcrumb\",\"itemListElement\":[{\"@type\":\"ListItem\",\"position\":1,\"name\":\"Home\",\"item\":\"https:\\\/\\\/www.cuerdaspulsadas.com\\\/es\\\/\"},{\"@type\":\"ListItem\",\"position\":2,\"name\":\"Academia Internacional de M\u00fasica Antigua\"}]},{\"@type\":\"WebSite\",\"@id\":\"https:\\\/\\\/www.cuerdaspulsadas.com\\\/es\\\/#website\",\"url\":\"https:\\\/\\\/www.cuerdaspulsadas.com\\\/es\\\/\",\"name\":\"Cuerdas Pulsadas\",\"description\":\"\",\"publisher\":{\"@id\":\"https:\\\/\\\/www.cuerdaspulsadas.com\\\/es\\\/#organization\"},\"potentialAction\":[{\"@type\":\"SearchAction\",\"target\":{\"@type\":\"EntryPoint\",\"urlTemplate\":\"https:\\\/\\\/www.cuerdaspulsadas.com\\\/es\\\/?s={search_term_string}\"},\"query-input\":{\"@type\":\"PropertyValueSpecification\",\"valueRequired\":true,\"valueName\":\"search_term_string\"}}],\"inLanguage\":\"es\"},{\"@type\":\"Organization\",\"@id\":\"https:\\\/\\\/www.cuerdaspulsadas.com\\\/es\\\/#organization\",\"name\":\"CUERDAS PULSADAS\",\"url\":\"https:\\\/\\\/www.cuerdaspulsadas.com\\\/es\\\/\",\"logo\":{\"@type\":\"ImageObject\",\"inLanguage\":\"es\",\"@id\":\"https:\\\/\\\/www.cuerdaspulsadas.com\\\/es\\\/#\\\/schema\\\/logo\\\/image\\\/\",\"url\":\"https:\\\/\\\/www.cuerdaspulsadas.com\\\/wp-content\\\/uploads\\\/2020\\\/06\\\/Logo_BASE-e1612088402755.png\",\"contentUrl\":\"https:\\\/\\\/www.cuerdaspulsadas.com\\\/wp-content\\\/uploads\\\/2020\\\/06\\\/Logo_BASE-e1612088402755.png\",\"width\":3200,\"height\":981,\"caption\":\"CUERDAS PULSADAS\"},\"image\":{\"@id\":\"https:\\\/\\\/www.cuerdaspulsadas.com\\\/es\\\/#\\\/schema\\\/logo\\\/image\\\/\"},\"sameAs\":[\"https:\\\/\\\/www.facebook.com\\\/cuerdaspulsadas\\\/\",\"https:\\\/\\\/x.com\\\/cuerdaspulsadas\",\"https:\\\/\\\/www.instagram.com\\\/cuerdaspulsadas\",\"https:\\\/\\\/www.youtube.com\\\/channel\\\/UCmB3vi5pQZC71bwfnjatRvA\"]},{\"@type\":\"Person\",\"@id\":\"https:\\\/\\\/www.cuerdaspulsadas.com\\\/es\\\/#\\\/schema\\\/person\\\/f0e624a4c4e791868bb7b19150f65cd7\",\"name\":\"Cuerdas Pulsadas\",\"image\":{\"@type\":\"ImageObject\",\"inLanguage\":\"es\",\"@id\":\"https:\\\/\\\/secure.gravatar.com\\\/avatar\\\/c5c96be2c697b124a953e253f2db40362c53add12ab30b418e1c7aa52e6d4c3d?s=96&d=mm&r=g\",\"url\":\"https:\\\/\\\/secure.gravatar.com\\\/avatar\\\/c5c96be2c697b124a953e253f2db40362c53add12ab30b418e1c7aa52e6d4c3d?s=96&d=mm&r=g\",\"contentUrl\":\"https:\\\/\\\/secure.gravatar.com\\\/avatar\\\/c5c96be2c697b124a953e253f2db40362c53add12ab30b418e1c7aa52e6d4c3d?s=96&d=mm&r=g\",\"caption\":\"Cuerdas Pulsadas\"}}]}<\/script>\n<!-- \/ Yoast SEO plugin. -->","yoast_head_json":{"title":"Academia Internacional de M\u00fasica Antigua - Cuerdas Pulsadas","description":"A principios de 2012 iniciamos una nueva colaboraci\u00f3n, de nuevo con la ayuda de Manuel Minguill\u00f3n . Juntos, trabajamos para lanzar el sitio web de lo que","robots":{"index":"index","follow":"follow","max-snippet":"max-snippet:-1","max-image-preview":"max-image-preview:large","max-video-preview":"max-video-preview:-1"},"canonical":"https:\/\/www.cuerdaspulsadas.com\/es\/2012\/01\/31\/academia-internacional-de-musica-antigua\/","og_locale":"es_ES","og_type":"article","og_title":"Academia Internacional de M\u00fasica Antigua - Cuerdas Pulsadas","og_description":"A principios de 2012 iniciamos una nueva colaboraci\u00f3n, de nuevo con la ayuda de Manuel Minguill\u00f3n . Juntos, trabajamos para lanzar el sitio web de lo que","og_url":"https:\/\/www.cuerdaspulsadas.com\/es\/2012\/01\/31\/academia-internacional-de-musica-antigua\/","og_site_name":"Cuerdas Pulsadas","article_publisher":"https:\/\/www.facebook.com\/cuerdaspulsadas\/","article_published_time":"2012-01-31T00:00:00+00:00","article_modified_time":"2025-09-25T19:52:01+00:00","og_image":[{"width":785,"height":500,"url":"https:\/\/www.cuerdaspulsadas.com\/wp-content\/uploads\/2020\/06\/aimantigua.jpg","type":"image\/jpeg"}],"author":"Cuerdas Pulsadas","twitter_card":"summary_large_image","twitter_creator":"@cuerdaspulsadas","twitter_site":"@cuerdaspulsadas","twitter_misc":{"Escrito por":"Cuerdas Pulsadas","Tiempo de lectura":"2 minutos"},"schema":{"@context":"https:\/\/schema.org","@graph":[{"@type":"Article","@id":"https:\/\/www.cuerdaspulsadas.com\/es\/2012\/01\/31\/academia-internacional-de-musica-antigua\/#article","isPartOf":{"@id":"https:\/\/www.cuerdaspulsadas.com\/es\/2012\/01\/31\/academia-internacional-de-musica-antigua\/"},"author":{"name":"Cuerdas Pulsadas","@id":"https:\/\/www.cuerdaspulsadas.com\/es\/#\/schema\/person\/f0e624a4c4e791868bb7b19150f65cd7"},"headline":"Academia Internacional de M\u00fasica Antigua","datePublished":"2012-01-31T00:00:00+00:00","dateModified":"2025-09-25T19:52:01+00:00","mainEntityOfPage":{"@id":"https:\/\/www.cuerdaspulsadas.com\/es\/2012\/01\/31\/academia-internacional-de-musica-antigua\/"},"wordCount":341,"commentCount":0,"publisher":{"@id":"https:\/\/www.cuerdaspulsadas.com\/es\/#organization"},"image":{"@id":"https:\/\/www.cuerdaspulsadas.com\/es\/2012\/01\/31\/academia-internacional-de-musica-antigua\/#primaryimage"},"thumbnailUrl":"https:\/\/www.cuerdaspulsadas.com\/wp-content\/uploads\/2020\/06\/aimantigua.jpg","keywords":["AIMAntigua","dise\u00f1o","Manuel Minguill\u00f3n","MinguiEstudio","patrocinio"],"articleSection":["Noticias","Otros proyectos"],"inLanguage":"es","potentialAction":[{"@type":"CommentAction","name":"Comment","target":["https:\/\/www.cuerdaspulsadas.com\/es\/2012\/01\/31\/academia-internacional-de-musica-antigua\/#respond"]}]},{"@type":"WebPage","@id":"https:\/\/www.cuerdaspulsadas.com\/es\/2012\/01\/31\/academia-internacional-de-musica-antigua\/","url":"https:\/\/www.cuerdaspulsadas.com\/es\/2012\/01\/31\/academia-internacional-de-musica-antigua\/","name":"Academia Internacional de M\u00fasica Antigua - Cuerdas Pulsadas","isPartOf":{"@id":"https:\/\/www.cuerdaspulsadas.com\/es\/#website"},"primaryImageOfPage":{"@id":"https:\/\/www.cuerdaspulsadas.com\/es\/2012\/01\/31\/academia-internacional-de-musica-antigua\/#primaryimage"},"image":{"@id":"https:\/\/www.cuerdaspulsadas.com\/es\/2012\/01\/31\/academia-internacional-de-musica-antigua\/#primaryimage"},"thumbnailUrl":"https:\/\/www.cuerdaspulsadas.com\/wp-content\/uploads\/2020\/06\/aimantigua.jpg","datePublished":"2012-01-31T00:00:00+00:00","dateModified":"2025-09-25T19:52:01+00:00","description":"A principios de 2012 iniciamos una nueva colaboraci\u00f3n, de nuevo con la ayuda de Manuel Minguill\u00f3n . Juntos, trabajamos para lanzar el sitio web de lo que","breadcrumb":{"@id":"https:\/\/www.cuerdaspulsadas.com\/es\/2012\/01\/31\/academia-internacional-de-musica-antigua\/#breadcrumb"},"inLanguage":"es","potentialAction":[{"@type":"ReadAction","target":["https:\/\/www.cuerdaspulsadas.com\/es\/2012\/01\/31\/academia-internacional-de-musica-antigua\/"]}]},{"@type":"ImageObject","inLanguage":"es","@id":"https:\/\/www.cuerdaspulsadas.com\/es\/2012\/01\/31\/academia-internacional-de-musica-antigua\/#primaryimage","url":"https:\/\/www.cuerdaspulsadas.com\/wp-content\/uploads\/2020\/06\/aimantigua.jpg","contentUrl":"https:\/\/www.cuerdaspulsadas.com\/wp-content\/uploads\/2020\/06\/aimantigua.jpg","width":785,"height":500},{"@type":"BreadcrumbList","@id":"https:\/\/www.cuerdaspulsadas.com\/es\/2012\/01\/31\/academia-internacional-de-musica-antigua\/#breadcrumb","itemListElement":[{"@type":"ListItem","position":1,"name":"Home","item":"https:\/\/www.cuerdaspulsadas.com\/es\/"},{"@type":"ListItem","position":2,"name":"Academia Internacional de M\u00fasica Antigua"}]},{"@type":"WebSite","@id":"https:\/\/www.cuerdaspulsadas.com\/es\/#website","url":"https:\/\/www.cuerdaspulsadas.com\/es\/","name":"Cuerdas Pulsadas","description":"","publisher":{"@id":"https:\/\/www.cuerdaspulsadas.com\/es\/#organization"},"potentialAction":[{"@type":"SearchAction","target":{"@type":"EntryPoint","urlTemplate":"https:\/\/www.cuerdaspulsadas.com\/es\/?s={search_term_string}"},"query-input":{"@type":"PropertyValueSpecification","valueRequired":true,"valueName":"search_term_string"}}],"inLanguage":"es"},{"@type":"Organization","@id":"https:\/\/www.cuerdaspulsadas.com\/es\/#organization","name":"CUERDAS PULSADAS","url":"https:\/\/www.cuerdaspulsadas.com\/es\/","logo":{"@type":"ImageObject","inLanguage":"es","@id":"https:\/\/www.cuerdaspulsadas.com\/es\/#\/schema\/logo\/image\/","url":"https:\/\/www.cuerdaspulsadas.com\/wp-content\/uploads\/2020\/06\/Logo_BASE-e1612088402755.png","contentUrl":"https:\/\/www.cuerdaspulsadas.com\/wp-content\/uploads\/2020\/06\/Logo_BASE-e1612088402755.png","width":3200,"height":981,"caption":"CUERDAS PULSADAS"},"image":{"@id":"https:\/\/www.cuerdaspulsadas.com\/es\/#\/schema\/logo\/image\/"},"sameAs":["https:\/\/www.facebook.com\/cuerdaspulsadas\/","https:\/\/x.com\/cuerdaspulsadas","https:\/\/www.instagram.com\/cuerdaspulsadas","https:\/\/www.youtube.com\/channel\/UCmB3vi5pQZC71bwfnjatRvA"]},{"@type":"Person","@id":"https:\/\/www.cuerdaspulsadas.com\/es\/#\/schema\/person\/f0e624a4c4e791868bb7b19150f65cd7","name":"Cuerdas Pulsadas","image":{"@type":"ImageObject","inLanguage":"es","@id":"https:\/\/secure.gravatar.com\/avatar\/c5c96be2c697b124a953e253f2db40362c53add12ab30b418e1c7aa52e6d4c3d?s=96&d=mm&r=g","url":"https:\/\/secure.gravatar.com\/avatar\/c5c96be2c697b124a953e253f2db40362c53add12ab30b418e1c7aa52e6d4c3d?s=96&d=mm&r=g","contentUrl":"https:\/\/secure.gravatar.com\/avatar\/c5c96be2c697b124a953e253f2db40362c53add12ab30b418e1c7aa52e6d4c3d?s=96&d=mm&r=g","caption":"Cuerdas Pulsadas"}}]}},"jetpack_sharing_enabled":true,"jetpack_featured_media_url":"https:\/\/www.cuerdaspulsadas.com\/wp-content\/uploads\/2020\/06\/aimantigua.jpg","_links":{"self":[{"href":"https:\/\/www.cuerdaspulsadas.com\/es\/wp-json\/wp\/v2\/posts\/4619","targetHints":{"allow":["GET"]}}],"collection":[{"href":"https:\/\/www.cuerdaspulsadas.com\/es\/wp-json\/wp\/v2\/posts"}],"about":[{"href":"https:\/\/www.cuerdaspulsadas.com\/es\/wp-json\/wp\/v2\/types\/post"}],"author":[{"embeddable":true,"href":"https:\/\/www.cuerdaspulsadas.com\/es\/wp-json\/wp\/v2\/users\/2"}],"replies":[{"embeddable":true,"href":"https:\/\/www.cuerdaspulsadas.com\/es\/wp-json\/wp\/v2\/comments?post=4619"}],"version-history":[{"count":2,"href":"https:\/\/www.cuerdaspulsadas.com\/es\/wp-json\/wp\/v2\/posts\/4619\/revisions"}],"predecessor-version":[{"id":38933,"href":"https:\/\/www.cuerdaspulsadas.com\/es\/wp-json\/wp\/v2\/posts\/4619\/revisions\/38933"}],"wp:featuredmedia":[{"embeddable":true,"href":"https:\/\/www.cuerdaspulsadas.com\/es\/wp-json\/wp\/v2\/media\/4622"}],"wp:attachment":[{"href":"https:\/\/www.cuerdaspulsadas.com\/es\/wp-json\/wp\/v2\/media?parent=4619"}],"wp:term":[{"taxonomy":"category","embeddable":true,"href":"https:\/\/www.cuerdaspulsadas.com\/es\/wp-json\/wp\/v2\/categories?post=4619"},{"taxonomy":"post_tag","embeddable":true,"href":"https:\/\/www.cuerdaspulsadas.com\/es\/wp-json\/wp\/v2\/tags?post=4619"}],"curies":[{"name":"wp","href":"https:\/\/api.w.org\/{rel}","templated":true}]}}